{"id":77,"date":"2022-04-08T11:03:08","date_gmt":"2022-04-08T09:03:08","guid":{"rendered":"http:\/\/werk-forum.com\/?p=77"},"modified":"2025-03-24T11:35:36","modified_gmt":"2025-03-24T10:35:36","slug":"vom-aufstellen-einer-maschine","status":"publish","type":"post","link":"http:\/\/werk-forum.com\/index.php\/2022\/04\/08\/vom-aufstellen-einer-maschine\/","title":{"rendered":"Vom Aufstellen einer Maschine"},"content":{"rendered":"<p><span style=\"font-family: arial, helvetica, sans-serif;\">Die Neue ist endlich da.<\/span><\/p>\n<p><img loading=\"lazy\" decoding=\"async\" class=\"aligncenter wp-image-81 size-large\" src=\"http:\/\/werk-forum.com\/wp-content\/uploads\/2022\/04\/Hammer_A3_Schriftzug-1024x768.jpg\" alt=\"\" width=\"900\" height=\"675\" srcset=\"http:\/\/werk-forum.com\/wp-content\/uploads\/2022\/04\/Hammer_A3_Schriftzug-1024x768.jpg 1024w, http:\/\/werk-forum.com\/wp-content\/uploads\/2022\/04\/Hammer_A3_Schriftzug-300x225.jpg 300w, http:\/\/werk-forum.com\/wp-content\/uploads\/2022\/04\/Hammer_A3_Schriftzug-768x576.jpg 768w, http:\/\/werk-forum.com\/wp-content\/uploads\/2022\/04\/Hammer_A3_Schriftzug-1536x1152.jpg 1536w, http:\/\/werk-forum.com\/wp-content\/uploads\/2022\/04\/Hammer_A3_Schriftzug-2048x1536.jpg 2048w\" sizes=\"auto, (max-width: 900px) 100vw, 900px\" \/><\/p>\n<p><span style=\"font-family: arial, helvetica, sans-serif;\">Morgens um etwa 8:45 Uhr stand der LKW vor der T\u00fcr und mit an Bord der Neuzugang, eine Hammer A3-41. Nach dem \u00d6ffnen der Ladebordwand die erste schlechte Nachricht, ein riesiger Metallkasten liegt bzw. lehnt auf der Maschine, genauer gesagt auf einer Ecke. Ein Verteilerkasten fiel um und die Hammer hat den Koloss &#8222;aufgefangen&#8220;. Mit vereinten Kr\u00e4ften ist es gelungen, das v\u00f6llig mangelhaft verladene Metallgeh\u00e4use aufzuwuchten und einen ersten Blick auf m\u00f6gliche Sch\u00e4den zu riskieren. Oberfl\u00e4chliche Sch\u00e4den sind sichtbar, vielleicht nur ein optischer Mangel, was ich nicht sagen kann ist, ob der Tisch verzogen wurde, das muss der Techniker beurteilen, der n\u00e4chste Woche die Maschine einstellen soll. Aber den Transportschaden kann man nicht wegdiskutieren, so habe ich die Maschine nicht bestellt, nicht gekauft und sicher auch nicht bezahlt.<\/span><\/p>\n<p><span style=\"font-family: arial, helvetica, sans-serif;\">Der Fahrer bem\u00fchte sich, das herunterzuspielen und zur Demonstration, es sei doch nicht so schlimm, schlug er mit der Hand auf den Tisch, mit den Worten &#8222;Das macht nichts, das ist stabil genug.&#8220; Innerhalb einer Zehntelsekunde forderte ich ihn mit ziemlich deutlichen Worten auf, damit aufzuh\u00f6ren, auf eine eingestellte Pr\u00e4zisionsmaschine zu schlagen, die im 1\/100 mm Bereich justiert wurde. Dabei zeigte mein Blick wohl eindeutig, was ich von solchen Aktionen und von solchen Typen halte, die fremdes Eigentum derart gering sch\u00e4tzen.<\/span><\/p>\n<p><span style=\"font-family: arial, helvetica, sans-serif;\">Durchatmen.<\/span><\/p>\n<p>&nbsp;<\/p>\n<p><span style=\"font-family: arial, helvetica, sans-serif;\">Die Maschine steht letztendlich auf der Palette festgeschraubt in der Werkstatt. \u00dcberraschend, denn der Fahrer scheint in keinen von mir beobachteten Anforderungen an seinen Job ein besonderes Talent zu haben. Die kl\u00e4glichen Versuche die Maschine in der Werkstatt zu rangieren habe ich umgehend abgebrochen, andere Ger\u00e4te und Einrichtungen h\u00e4tten sonst definitiv darunter gelitten.<\/span><\/p>\n<p><span style=\"font-family: arial, helvetica, sans-serif;\">Zu zweit haben wird dann die Maschine so positioniert, dass sie in etwa auf die Stelle kommt, wo sie stehen soll und begonnen sie auszupacken.<\/span><\/p>\n<p><img loading=\"lazy\" decoding=\"async\" class=\"wp-image-83 size-large aligncenter\" src=\"http:\/\/werk-forum.com\/wp-content\/uploads\/2022\/04\/Hammer_A3_geliefert-1024x768.jpg\" alt=\"\" width=\"900\" height=\"675\" srcset=\"http:\/\/werk-forum.com\/wp-content\/uploads\/2022\/04\/Hammer_A3_geliefert-1024x768.jpg 1024w, http:\/\/werk-forum.com\/wp-content\/uploads\/2022\/04\/Hammer_A3_geliefert-300x225.jpg 300w, http:\/\/werk-forum.com\/wp-content\/uploads\/2022\/04\/Hammer_A3_geliefert-768x576.jpg 768w, http:\/\/werk-forum.com\/wp-content\/uploads\/2022\/04\/Hammer_A3_geliefert-1536x1152.jpg 1536w, http:\/\/werk-forum.com\/wp-content\/uploads\/2022\/04\/Hammer_A3_geliefert-2048x1536.jpg 2048w\" sizes=\"auto, (max-width: 900px) 100vw, 900px\" \/><\/p>\n<p><span style=\"font-family: arial, helvetica, sans-serif;\">Das Teil ist schwer, 400 kg auch nur anzuheben ist ein Kraftakt, vor allem wenn das niemals \u00fcber die Tische passieren darf. Das Ziel ist wohl klar, die Maschine soll runter von der Palette, die Frage ist nur, wie?<\/span><\/p>\n<p><span style=\"font-family: arial, helvetica, sans-serif;\">Die Nachdenkpausen \u00fcberspringe ich und erz\u00e4hle, wie es gelang, die Hammer A3-41 ohne Gefahrenmomente von dieser B\u00fchne zu bekommen. Schritt eins war, die mitgelieferte Fahreinheit zu montieren. Dazu haben wir die hintere Abdeckung entfernt und damit eine M\u00f6glichkeit gehabt, die Maschine mit der Hand anzuheben, um die R\u00e4der auf die durchf\u00fchrte Achse aufzuschieben und zu befestigen. So war es leichter, die Maschine nach hinten zu rollen und zu schieben, um sie \u00fcber eine provisorische Treppe in eine gekippte Stellung zu bekommen. So weit, um mit dem Hubwagen die Maschine etwas anzuheben und zu stabilisieren, um die Palette entfernen zu k\u00f6nnen.<\/span><\/p>\n<p><img loading=\"lazy\" decoding=\"async\" class=\"size-medium wp-image-88 aligncenter\" src=\"http:\/\/werk-forum.com\/wp-content\/uploads\/2022\/04\/Hammer_A3_abladen-225x300.jpg\" alt=\"\" width=\"225\" height=\"300\" srcset=\"http:\/\/werk-forum.com\/wp-content\/uploads\/2022\/04\/Hammer_A3_abladen-225x300.jpg 225w, http:\/\/werk-forum.com\/wp-content\/uploads\/2022\/04\/Hammer_A3_abladen-768x1024.jpg 768w, http:\/\/werk-forum.com\/wp-content\/uploads\/2022\/04\/Hammer_A3_abladen-1152x1536.jpg 1152w, http:\/\/werk-forum.com\/wp-content\/uploads\/2022\/04\/Hammer_A3_abladen-1536x2048.jpg 1536w, http:\/\/werk-forum.com\/wp-content\/uploads\/2022\/04\/Hammer_A3_abladen-scaled.jpg 1920w\" sizes=\"auto, (max-width: 225px) 100vw, 225px\" \/><\/p>\n<p><span style=\"font-family: arial, helvetica, sans-serif;\">In dieser Position haben wir die vorderen F\u00fc\u00dfe montiert und dann die Maschine langsam abgesenkt.<\/span><\/p>\n<p><span style=\"font-family: arial, helvetica, sans-serif;\">Etwas messen war dann n\u00f6tig, um die Maschine so platzsparend wie m\u00f6glich aufzustellen und trotzdem ausreichend Platz zu haben, um ordentlich abrichten und Dickenhobeln zu k\u00f6nnen.<\/span><\/p>\n<p><img loading=\"lazy\" decoding=\"async\" class=\"wp-image-82 size-large aligncenter\" src=\"http:\/\/werk-forum.com\/wp-content\/uploads\/2022\/04\/Hammer_A3_aufgestellt-1024x768.jpg\" alt=\"\" width=\"900\" height=\"675\" srcset=\"http:\/\/werk-forum.com\/wp-content\/uploads\/2022\/04\/Hammer_A3_aufgestellt-1024x768.jpg 1024w, http:\/\/werk-forum.com\/wp-content\/uploads\/2022\/04\/Hammer_A3_aufgestellt-300x225.jpg 300w, http:\/\/werk-forum.com\/wp-content\/uploads\/2022\/04\/Hammer_A3_aufgestellt-768x576.jpg 768w, http:\/\/werk-forum.com\/wp-content\/uploads\/2022\/04\/Hammer_A3_aufgestellt-1536x1152.jpg 1536w, http:\/\/werk-forum.com\/wp-content\/uploads\/2022\/04\/Hammer_A3_aufgestellt-2048x1536.jpg 2048w\" sizes=\"auto, (max-width: 900px) 100vw, 900px\" \/><\/p>\n<p>&nbsp;<\/p>\n<p><span style=\"font-family: arial, helvetica, sans-serif;\">Die ganze Aufstellung der Maschine geschieht, vermutlich untypisch f\u00fcr Heimwerker, nachdem ich die Gebrauchsanweisung durchgelesen hatte. Viel Substanzielles steht leider nicht drinnen, nur die Angabe, wie die seitliche Gleitschiene montiert werden muss, ist wirklich hilfreich.<\/span><\/p>\n<p><span style=\"font-family: arial, helvetica, sans-serif;\">Der Schutz der Tische wurde entfernt und die Oberfl\u00e4che entfettet und mit Silbergleit behandelt. Bis auf die leicht angeschlagene Ecke sind die Tische auf den ersten Blick in tadellosem Zustand.<\/span><\/p>\n<p><img loading=\"lazy\" decoding=\"async\" class=\"aligncenter wp-image-84 size-large\" src=\"http:\/\/werk-forum.com\/wp-content\/uploads\/2022\/04\/Hammer_A3_Tisch-1024x768.jpg\" alt=\"\" width=\"900\" height=\"675\" srcset=\"http:\/\/werk-forum.com\/wp-content\/uploads\/2022\/04\/Hammer_A3_Tisch-1024x768.jpg 1024w, http:\/\/werk-forum.com\/wp-content\/uploads\/2022\/04\/Hammer_A3_Tisch-300x225.jpg 300w, http:\/\/werk-forum.com\/wp-content\/uploads\/2022\/04\/Hammer_A3_Tisch-768x576.jpg 768w, http:\/\/werk-forum.com\/wp-content\/uploads\/2022\/04\/Hammer_A3_Tisch-1536x1152.jpg 1536w, http:\/\/werk-forum.com\/wp-content\/uploads\/2022\/04\/Hammer_A3_Tisch-2048x1536.jpg 2048w\" sizes=\"auto, (max-width: 900px) 100vw, 900px\" \/><\/p>\n<p><span style=\"font-family: arial, helvetica, sans-serif;\">Der Schlauch der Absauganlage mit dem passenden Durchmesser von 120 mm wurde montiert. Nachdem der Schutz der Hobelwelle abgenommen wurde und die Maschine an den Strom angeschlossen wurde, konnte die korrekte Drehrichtung der Hobelwelle im Betrieb feststellt werden. Bis der Techniker die Einstellung der Maschine vornimmt, war das auch die einzige Inbetriebnahme der Maschine zu Kontrollzwecken.<\/span><\/p>\n<p><img loading=\"lazy\" decoding=\"async\" class=\"size-medium wp-image-79 aligncenter\" src=\"http:\/\/werk-forum.com\/wp-content\/uploads\/2022\/04\/Hammer_A3_AnschlagEingestellt-225x300.jpg\" alt=\"\" width=\"225\" height=\"300\" srcset=\"http:\/\/werk-forum.com\/wp-content\/uploads\/2022\/04\/Hammer_A3_AnschlagEingestellt-225x300.jpg 225w, http:\/\/werk-forum.com\/wp-content\/uploads\/2022\/04\/Hammer_A3_AnschlagEingestellt-768x1024.jpg 768w, http:\/\/werk-forum.com\/wp-content\/uploads\/2022\/04\/Hammer_A3_AnschlagEingestellt-1152x1536.jpg 1152w, http:\/\/werk-forum.com\/wp-content\/uploads\/2022\/04\/Hammer_A3_AnschlagEingestellt-1536x2048.jpg 1536w, http:\/\/werk-forum.com\/wp-content\/uploads\/2022\/04\/Hammer_A3_AnschlagEingestellt-scaled.jpg 1920w\" sizes=\"auto, (max-width: 225px) 100vw, 225px\" \/><span style=\"font-family: arial, helvetica, sans-serif;\">Der Hobelanschlag war inklusive der Gleitschiene schnell montiert und nat\u00fcrlich habe ich es mir nicht nehmen lassen den Anschlag, unter Kontrolle mit einem Paulimot 00er Pr\u00e4zisionswinkel, durchgehend auf exakt 90\u00b0 zu bringen.<\/span><\/p>\n<p>&nbsp;<\/p>\n<p><span style=\"font-family: arial, helvetica, sans-serif;\">Fehlt noch der Austausch des vormontierten Drehrads gegen das mitgelieferte Drehrad mit der Digitaluhr. Hier zeigt sich die Unzul\u00e4nglichkeit der Gebrauchsanweisung am deutlichsten. Im Kapitel Aufbau wird erw\u00e4hnt, dass f\u00fcr Montage der Digitaluhr nach der Anleitung &#8222;Aufbauanleitung der Digitaluhr&#8220; vorgegangen werden soll, aber die befindet sich \u00fcberhaupt nicht in den Unterlagen. Ich gebe es irgendwann auf, danach zu suchen, dabei h\u00e4tte ich schon gerne gewusst, in welcher Position der Tisch am besten sein soll, um m\u00f6glichst genau zu arbeiten. Ich entschied mich, den Tisch an die h\u00f6chste m\u00f6gliche Position zu drehen, um dort die Uhr einzusetzen.<\/span><\/p>\n<p><span style=\"font-family: arial, helvetica, sans-serif;\">Nebenbemerkung: Die Digitaluhr und das Drehrad werden in unterschiedlichen Paketen beigelegt. Man muss zun\u00e4chst die Abdeckung vom Drehrad entfernen, dann das Drehrad montieren, um sp\u00e4ter die Digitaluhr einzusetzen und mit einer Madenschraube zu befestigen.<\/span><\/p>\n<p><span style=\"font-family: arial, helvetica, sans-serif;\">Der Tisch ist also auf 4 mm hochgedreht und die Digitaluhr wird durch drehen ebenfalls auf diesen Wert gebracht. Eine volle Drehung bedeutet eine \u00c4nderung von 2 mm an der Anzeige. Nach dem einsetzen kann die Uhr bis zum festziehen der Madenschraube noch bewegt bzw. gedreht werden, um den Zeiger m\u00f6glichst genau anzeigen zu lassen. Bis zum tiefsten Punkt des Tisches arbeitet die Uhr pr\u00e4zise und eine Einstellung im &lt; 1\/10 mm Bereich ist machbar.<\/span><\/p>\n<p><img loading=\"lazy\" decoding=\"async\" class=\"aligncenter wp-image-78 size-large\" src=\"http:\/\/werk-forum.com\/wp-content\/uploads\/2022\/04\/Hammer_A3_Digitaluhr-1024x768.jpg\" alt=\"\" width=\"900\" height=\"675\" srcset=\"http:\/\/werk-forum.com\/wp-content\/uploads\/2022\/04\/Hammer_A3_Digitaluhr-1024x768.jpg 1024w, http:\/\/werk-forum.com\/wp-content\/uploads\/2022\/04\/Hammer_A3_Digitaluhr-300x225.jpg 300w, http:\/\/werk-forum.com\/wp-content\/uploads\/2022\/04\/Hammer_A3_Digitaluhr-768x576.jpg 768w, http:\/\/werk-forum.com\/wp-content\/uploads\/2022\/04\/Hammer_A3_Digitaluhr-1536x1152.jpg 1536w, http:\/\/werk-forum.com\/wp-content\/uploads\/2022\/04\/Hammer_A3_Digitaluhr-2048x1536.jpg 2048w\" sizes=\"auto, (max-width: 900px) 100vw, 900px\" \/><\/p>\n<p><span style=\"font-family: arial, helvetica, sans-serif;\">Ja, es wird Freude machen, mit solch einer Maschine zu arbeiten. Damit die Arbeit auch tats\u00e4chlich gute Resultate liefert, hat die Maschine die Silent Power-Hobelwelle und ich bin wirklich gespannt wie die Ergebnisse aussehen werden und wie sich das Holz dann anf\u00fchlt. Zun\u00e4chst muss jedoch der Transportschaden begutachtet werden und wie sich herausstellt, muss der zuf\u00fchrende Tisch getauscht werden.<\/span><\/p>\n<p><img loading=\"lazy\" decoding=\"async\" class=\"aligncenter wp-image-80 size-large\" src=\"http:\/\/werk-forum.com\/wp-content\/uploads\/2022\/04\/Hammer_A3_SilentPower-1024x768.jpg\" alt=\"\" width=\"900\" height=\"675\" srcset=\"http:\/\/werk-forum.com\/wp-content\/uploads\/2022\/04\/Hammer_A3_SilentPower-1024x768.jpg 1024w, http:\/\/werk-forum.com\/wp-content\/uploads\/2022\/04\/Hammer_A3_SilentPower-300x225.jpg 300w, http:\/\/werk-forum.com\/wp-content\/uploads\/2022\/04\/Hammer_A3_SilentPower-768x576.jpg 768w, http:\/\/werk-forum.com\/wp-content\/uploads\/2022\/04\/Hammer_A3_SilentPower-1536x1152.jpg 1536w, http:\/\/werk-forum.com\/wp-content\/uploads\/2022\/04\/Hammer_A3_SilentPower-2048x1536.jpg 2048w\" sizes=\"auto, (max-width: 900px) 100vw, 900px\" \/><\/p>\n<p>&nbsp;<\/p>\n<p><span style=\"font-family: arial, helvetica, sans-serif;\">Damit die Sp\u00e4ne gut abgesaugt werden, habe ich extra eine neue Absauganlage installiert &#8211; das ist eine ganz eigene Geschichte, die mehr als ausuferte, aber doch (rechtzeitig) geschafft wurde. Kurzum, mit der neuen Absaugung sp\u00fcrt man bei der Hobelwelle, wie abgesaugt wird, der Luftstrom ist mehr als deutlich. Der Aufwand hat sich wirklich gelohnt, es wird helfen, die Werkstatt span- und so gut es geht staubfrei zu halten. Dazu aber an <a href=\"http:\/\/werk-forum.com\/index.php\/2022\/04\/06\/umbau-der-werkstatt-mit-unliebsamen-ueberraschungen\/\">anderer Stelle<\/a> mehr dazu.<\/span><\/p>\n<p><span style=\"font-family: arial, helvetica, sans-serif;\">Um nichts dem Zufall zu \u00fcberlassen, wurde noch ein gut dimensioniertes Luftreinigungssystem aufgeh\u00e4ngt, das daf\u00fcr sorgen soll, auch die letzten Staubpartikel aus der Luft zu filtern. Damit m\u00f6chte ich auch verhindern, dass sich in der Werkstatt Staub auf Maschinen, Werkzeug und Ger\u00e4ten sammelt und nat\u00fcrlich, dass die Atemluft so sauber wie m\u00f6glich ist.<\/span><\/p>\n","protected":false},"excerpt":{"rendered":"<p>Die Neue ist endlich da. Morgens um etwa 8:45 Uhr stand der LKW vor der T\u00fcr und mit an Bord der Neuzugang, eine Hammer A3-41. &hellip; <\/p>\n","protected":false},"author":1,"featured_media":556,"comment_status":"closed","ping_status":"closed","sticky":false,"template":"","format":"standard","meta":{"footnotes":""},"categories":[2],"tags":[],"class_list":["post-77","post","type-post","status-publish","format-standard","has-post-thumbnail","hentry","category-maschine"],"_links":{"self":[{"href":"http:\/\/werk-forum.com\/index.php\/wp-json\/wp\/v2\/posts\/77","targetHints":{"allow":["GET"]}}],"collection":[{"href":"http:\/\/werk-forum.com\/index.php\/wp-json\/wp\/v2\/posts"}],"about":[{"href":"http:\/\/werk-forum.com\/index.php\/wp-json\/wp\/v2\/types\/post"}],"author":[{"embeddable":true,"href":"http:\/\/werk-forum.com\/index.php\/wp-json\/wp\/v2\/users\/1"}],"replies":[{"embeddable":true,"href":"http:\/\/werk-forum.com\/index.php\/wp-json\/wp\/v2\/comments?post=77"}],"version-history":[{"count":24,"href":"http:\/\/werk-forum.com\/index.php\/wp-json\/wp\/v2\/posts\/77\/revisions"}],"predecessor-version":[{"id":671,"href":"http:\/\/werk-forum.com\/index.php\/wp-json\/wp\/v2\/posts\/77\/revisions\/671"}],"wp:featuredmedia":[{"embeddable":true,"href":"http:\/\/werk-forum.com\/index.php\/wp-json\/wp\/v2\/media\/556"}],"wp:attachment":[{"href":"http:\/\/werk-forum.com\/index.php\/wp-json\/wp\/v2\/media?parent=77"}],"wp:term":[{"taxonomy":"category","embeddable":true,"href":"http:\/\/werk-forum.com\/index.php\/wp-json\/wp\/v2\/categories?post=77"},{"taxonomy":"post_tag","embeddable":true,"href":"http:\/\/werk-forum.com\/index.php\/wp-json\/wp\/v2\/tags?post=77"}],"curies":[{"name":"wp","href":"https:\/\/api.w.org\/{rel}","templated":true}]}}