{"id":700,"date":"2022-12-18T13:38:18","date_gmt":"2022-12-18T12:38:18","guid":{"rendered":"http:\/\/werk-forum.com\/?p=700"},"modified":"2023-03-29T20:21:53","modified_gmt":"2023-03-29T18:21:53","slug":"traditionelle-holzbearbeitung","status":"publish","type":"post","link":"http:\/\/werk-forum.com\/index.php\/2022\/12\/18\/traditionelle-holzbearbeitung\/","title":{"rendered":"Traditionelle Holzbearbeitung"},"content":{"rendered":"<p>Da die Werkbank, wie auch die Hobelbank noch nicht fertig sind, werden die Arbeiten auf einer provisorischen Werkfl\u00e4che durchgef\u00fchrt und mit ein wenig Kreativit\u00e4t lassen sich alle Handarbeiten auch so bewerkstelligen. Jeder der eine traditionelle Holzbearbeitung abseits gro\u00dfer Maschinen bevorzugt, kann in unserer Werkstatt seiner Leidenschaft folgen.<\/p>\n<p>Ein auf den ersten Blick einfaches Projekt soll zeigen, wie aus einem St\u00fcck Eichen-Schnittholz, (fast) nur mit Handwerkszeug, ein Bilderrahmen entsteht.<\/p>\n<p>Das daf\u00fcr ben\u00f6tigte Werkzeug:<\/p>\n<p>Unterschiedliche Handhobel, Grundhobel, Simshobel, Doppelfalzhobel, Stemmeisen, Ziehklinge, Kataba, Ryoba (gro\u00df und klein), Hammer\/Schlegel, Messwerkzeug und Bleistift. Zum auftrennen des vorbereiteten Holzstaffels nutze ich doch die Bands\u00e4ge. Selbst einer der weltbesten Tischler auf dem Gebiet der Handwerkskunst, Peter Sellers, nutzt dazu eine Bands\u00e4ge und er beherrscht alles um die Holzbearbeitung um so vieles besser als ich.<\/p>\n<p>Ich bin kein gelernter Tischler, dennoch habe auch ich ein gewisses Faible f\u00fcr die traditionelle Holzbearbeitung.<\/p>\n<p>Die Arbeitsschritte sind schnell aufgez\u00e4hlt:<\/p>\n<ul>\n<li>Holz plan hobeln,<\/li>\n<li>einen passenden Rand gut 70 mm vom Schnittholz abs\u00e4gen<\/li>\n<li>das Holz abl\u00e4ngen und abrichten<\/li>\n<li>den Holzstaffel in drei Bretter auftrennen und parallel auf gleiche Dicke hobeln<\/li>\n<li>Gehrungen eins\u00e4gen und ausarbeiten<\/li>\n<li>einen Falz f\u00fcr das Bild hobeln<\/li>\n<li>verleimen<\/li>\n<li>\u00dcberst\u00e4nde abs\u00e4gen, beihobeln und schleifen<\/li>\n<li>eine Oberfl\u00e4chenbehandlung mit Hart\u00f6l<\/li>\n<li>Bild einsetzen<\/li>\n<\/ul>\n<p>Die Umsetzung hat dann doch ein paar Minuten gedauert.<\/p>\n<figure id=\"attachment_702\" aria-describedby=\"caption-attachment-702\" style=\"width: 300px\" class=\"wp-caption alignleft\"><img loading=\"lazy\" decoding=\"async\" class=\"wp-image-702 size-medium\" src=\"http:\/\/werk-forum.com\/wp-content\/uploads\/2022\/12\/ErstesHobeln-300x225.jpg\" alt=\"\" width=\"300\" height=\"225\" srcset=\"http:\/\/werk-forum.com\/wp-content\/uploads\/2022\/12\/ErstesHobeln-300x225.jpg 300w, http:\/\/werk-forum.com\/wp-content\/uploads\/2022\/12\/ErstesHobeln-1024x768.jpg 1024w, http:\/\/werk-forum.com\/wp-content\/uploads\/2022\/12\/ErstesHobeln-768x576.jpg 768w, http:\/\/werk-forum.com\/wp-content\/uploads\/2022\/12\/ErstesHobeln-80x60.jpg 80w, http:\/\/werk-forum.com\/wp-content\/uploads\/2022\/12\/ErstesHobeln.jpg 1200w\" sizes=\"auto, (max-width: 300px) 100vw, 300px\" \/><figcaption id=\"caption-attachment-702\" class=\"wp-caption-text\">Die erste Platte die plan gehobelt wird<\/figcaption><\/figure>\n<p>Das 61 mm dicke Schnittholz habe ich f\u00fcr die ersten Hobelarbeiten auf Holzb\u00f6cke aufgelegt. Nachdem ich damit soweit zufrieden war, wollte ich den Rand so breit abs\u00e4gen der mir f\u00fcr den Bilderrahmen gen\u00fcgt, ohne daf\u00fcr das ganze Brett abl\u00e4ngen zu m\u00fcssen. Leider fand ich aufgrund der Baumkante keinen geeigneten Winkel und es w\u00e4re ein zu gro\u00dfer Verschnitt gewesen.<\/p>\n<p>So muss ich die ganze Hobelarbeit mit einem neuem Brett wiederholen und da gelang es das ben\u00f6tigte St\u00fcck ohne gro\u00dfen Verschnitt herauszus\u00e4gen.<\/p>\n<figure id=\"attachment_703\" aria-describedby=\"caption-attachment-703\" style=\"width: 225px\" class=\"wp-caption alignright\"><img loading=\"lazy\" decoding=\"async\" class=\"wp-image-703 size-medium\" src=\"http:\/\/werk-forum.com\/wp-content\/uploads\/2022\/12\/ablaengen-225x300.jpg\" alt=\"\" width=\"225\" height=\"300\" srcset=\"http:\/\/werk-forum.com\/wp-content\/uploads\/2022\/12\/ablaengen-225x300.jpg 225w, http:\/\/werk-forum.com\/wp-content\/uploads\/2022\/12\/ablaengen-768x1024.jpg 768w, http:\/\/werk-forum.com\/wp-content\/uploads\/2022\/12\/ablaengen-45x60.jpg 45w, http:\/\/werk-forum.com\/wp-content\/uploads\/2022\/12\/ablaengen.jpg 900w\" sizes=\"auto, (max-width: 225px) 100vw, 225px\" \/><figcaption id=\"caption-attachment-703\" class=\"wp-caption-text\">Die Kataba hat leichtes Spiel mit der Eiche.<\/figcaption><\/figure>\n<p>Das Randst\u00fcck wurde dann mit etwas Zugabe auf die L\u00e4nge gek\u00fcrzt, um den Bilderrahmen daraus zu machen.<\/p>\n<p>Ein Detail habe ich noch vergessen zu erw\u00e4hnen, der Bilderrahmen soll die Baumkante behalten, mit all den Fehlern die sich daraus ergeben, sei es handwerklich oder bez\u00fcglich des Splintholz.<\/p>\n<p>Das Bild das damit gerahmt werden soll hat die Ma\u00dfe 800 mm x 400 mm und die Acrylplatte auf der das Bild gedruckt ist hat eine St\u00e4rke von 5 mm. Den Staffel den ich grob vorbereitet habe, hat eine L\u00e4nge 1500 mm und der Rand den ich abgeschnitten habe ist 70 mm breit.<\/p>\n<figure id=\"attachment_705\" aria-describedby=\"caption-attachment-705\" style=\"width: 150px\" class=\"wp-caption alignleft\"><img loading=\"lazy\" decoding=\"async\" class=\"wp-image-705 size-thumbnail\" src=\"http:\/\/werk-forum.com\/wp-content\/uploads\/2022\/12\/abschnitt-150x150.jpg\" alt=\"\" width=\"150\" height=\"150\" srcset=\"http:\/\/werk-forum.com\/wp-content\/uploads\/2022\/12\/abschnitt-150x150.jpg 150w, http:\/\/werk-forum.com\/wp-content\/uploads\/2022\/12\/abschnitt-500x500.jpg 500w, http:\/\/werk-forum.com\/wp-content\/uploads\/2022\/12\/abschnitt-800x800.jpg 800w\" sizes=\"auto, (max-width: 150px) 100vw, 150px\" \/><figcaption id=\"caption-attachment-705\" class=\"wp-caption-text\">Die Schnittfl\u00e4che ist wirklich glatt<\/figcaption><\/figure>\n<p>Daraus sollte ich einen Rahmen bekommen, der etwa 900 mm x 500 mm misst und 15 mm stark ist. Etwas l\u00e4nger habe ich noch damit verbracht die s\u00e4geraue Kante zu gl\u00e4tten, daf\u00fcr habe ich mit 60er Korn geschliffen und das Holz mit einer Ziehklinge bearbeitet.<\/p>\n<p>Bevor ich jedoch das Holz in drei gleich gro\u00dfe Streifen auftrennen konnte musste ich es nat\u00fcrlich mit einem Handhobel abrichten. Das gelingt erstaunlich effektiv ohne zu viel Materialverlust, es entstehen drei gerade Fl\u00e4chen die jeweils exakt in 90 Grad zueinander stehen. Da ich (noch) keine Werkbank und damit weder Vorderzange noch Hinterzange zur Verf\u00fcgung habe, habe ich ein St\u00fcck Holz als Anschlag auf ein Brett gezwingt. Das reicht um das Holz gut mit dem Hobel bearbeiten zu k\u00f6nnen. Als Arbeitsfl\u00e4che dient mir dabei jenes Brett, dass ich zun\u00e4chst plan. abgehobelt hatte.<\/p>\n<figure id=\"attachment_706\" aria-describedby=\"caption-attachment-706\" style=\"width: 150px\" class=\"wp-caption alignright\"><img loading=\"lazy\" decoding=\"async\" class=\"wp-image-706 size-thumbnail\" src=\"http:\/\/werk-forum.com\/wp-content\/uploads\/2022\/12\/abgerichtet-150x150.jpg\" alt=\"\" width=\"150\" height=\"150\" srcset=\"http:\/\/werk-forum.com\/wp-content\/uploads\/2022\/12\/abgerichtet-150x150.jpg 150w, http:\/\/werk-forum.com\/wp-content\/uploads\/2022\/12\/abgerichtet-500x500.jpg 500w, http:\/\/werk-forum.com\/wp-content\/uploads\/2022\/12\/abgerichtet-800x800.jpg 800w\" sizes=\"auto, (max-width: 150px) 100vw, 150px\" \/><figcaption id=\"caption-attachment-706\" class=\"wp-caption-text\">Auch mit einem Handhobel sind 90 Grad kein Hexenwerk.<\/figcaption><\/figure>\n<p>Da das Holz eine Baumkante hat, kann man es darauf nicht plan auflegen um vern\u00fcnftig zu hobeln. Da hilft ein kleiner Trick. Man spannt es in eine Vorderzange ein, oh wait. Spa\u00df beiseite, wenn man, wie ich, das Werkst\u00fcck nicht einspannen kann, nimmt man ein Brett das tats\u00e4chlich vier 90 Grad Winkel hat und zwingt das seitlich an beiden Enden an das Werkst\u00fcck. Zur Kontrolle \u00fcber die L\u00e4nge habe ich eine F\u00fchrungsschiene benutzt, um wirklich \u00fcberall plan zu hobeln. es kann aber jedes andere Hilfsmittel benutzt werden, es muss nicht unbedingt eine Festool F\u00fchrungsschiene sein, ein Lineal, das lang genug ist, reicht v\u00f6llig.<\/p>\n<p>&nbsp;<\/p>\n<p>Um ehrlich zu sein, diese ersten Vorarbeiten, das Holz ist noch nicht aufgetrennt, nehmen so viel Zeit in Anspruch, dass ich mit Maschinen den Rahmen wohl schon fertig h\u00e4tte. Warum ich dennoch nicht einfach abbreche um Zeit zu sparen? Das macht einfach wirklich super viel Spa\u00df, es ist anstrengend und schwei\u00dftreibend, dutzendfach muss man Werkzeuge einstellen und justieren aber die Arbeit gibt ein gutes Gef\u00fchl. Zugegeben, eine Hobelbank h\u00e4tte die Arbeit um einiges erleichtert aber daf\u00fcr liegen die zugeschnitten, fertig vorbereiteten Einzelteile immer noch herum. Es fehlen noch Hilfsmittel f\u00fcr den Bau aber das ist ein anderes Projekt.<\/p>\n<figure id=\"attachment_707\" aria-describedby=\"caption-attachment-707\" style=\"width: 840px\" class=\"wp-caption aligncenter\"><img loading=\"lazy\" decoding=\"async\" class=\"wp-image-707 size-large\" src=\"http:\/\/werk-forum.com\/wp-content\/uploads\/2022\/12\/vordemauftrennen-1024x768.jpg\" alt=\"\" width=\"840\" height=\"630\" srcset=\"http:\/\/werk-forum.com\/wp-content\/uploads\/2022\/12\/vordemauftrennen-1024x768.jpg 1024w, http:\/\/werk-forum.com\/wp-content\/uploads\/2022\/12\/vordemauftrennen-300x225.jpg 300w, http:\/\/werk-forum.com\/wp-content\/uploads\/2022\/12\/vordemauftrennen-768x576.jpg 768w, http:\/\/werk-forum.com\/wp-content\/uploads\/2022\/12\/vordemauftrennen-80x60.jpg 80w, http:\/\/werk-forum.com\/wp-content\/uploads\/2022\/12\/vordemauftrennen.jpg 1200w\" sizes=\"auto, (max-width: 840px) 100vw, 840px\" \/><figcaption id=\"caption-attachment-707\" class=\"wp-caption-text\">Dieser Holzbalken wird in drei St\u00fccke aufgetrennt und zu einem Bilderrahmen verarbeitet<\/figcaption><\/figure>\n<p>Aus der Bands\u00e4ge bekomme ich aus dem nun 56 mm starken Pfosten drei 18 mm starke Holzst\u00fccke. Daraus kann ich recht rasch drei 15 mm starke Bretter hobeln, die exakt gleich dick sind und parallel. Alleine diese Arbeit kostet mich mit st\u00e4ndigem messen und der zahlreichen Kontrollen mit der F\u00fchrungsschiene zwei Stunden und \u00a0ich habe jede Sekunde genossen. Rasch ist bei diesen Arbeiten eben doch ein relativer Begriff, subjektiv war das in Null Komma Nichts erledigt.<\/p>\n<figure id=\"attachment_708\" aria-describedby=\"caption-attachment-708\" style=\"width: 300px\" class=\"wp-caption alignright\"><img loading=\"lazy\" decoding=\"async\" class=\"wp-image-708 size-medium\" src=\"http:\/\/werk-forum.com\/wp-content\/uploads\/2022\/12\/stemmeisen-300x225.jpg\" alt=\"\" width=\"300\" height=\"225\" srcset=\"http:\/\/werk-forum.com\/wp-content\/uploads\/2022\/12\/stemmeisen-300x225.jpg 300w, http:\/\/werk-forum.com\/wp-content\/uploads\/2022\/12\/stemmeisen-1024x768.jpg 1024w, http:\/\/werk-forum.com\/wp-content\/uploads\/2022\/12\/stemmeisen-768x576.jpg 768w, http:\/\/werk-forum.com\/wp-content\/uploads\/2022\/12\/stemmeisen-80x60.jpg 80w, http:\/\/werk-forum.com\/wp-content\/uploads\/2022\/12\/stemmeisen.jpg 1200w\" sizes=\"auto, (max-width: 300px) 100vw, 300px\" \/><figcaption id=\"caption-attachment-708\" class=\"wp-caption-text\">Mit dem Stemmeisen werden die \u00dcberplattung der Ecken grob ausgearbeitet<\/figcaption><\/figure>\n<p>Ich traue mir zu gerade zu s\u00e4gen, dennoch bin ich nicht \u00fcberzeugt dass 45 Grad Gehrungsschnitte reichen um den Rahmen gut verleimt zu bekommen. Ich entscheide mich die Verbindungen auf Gehrung zu schneiden und die Ecken zus\u00e4tzlich zu \u00fcberplatten. Das schafft eine gr\u00f6\u00dfere Leimfl\u00e4che und ich kann nicht ausschlie\u00dfen, dass meine Freihand-Gehrungsschnitte nicht doch etwas zu kreativ ausfallen. Noch ein Grund f\u00fcr die \u00dcberplattung ist, dass beim Rahmen mit einer Baumkante es keine leichte Aufgabe sein w\u00fcrde die beiden 45 Grad Kanten beim Verleimen irgendwie in Zwingen zu bekommen.<\/p>\n<p>Eine weitere M\u00f6glichkeit der Verbindung w\u00e4ren Schlitz und Zapfen gewesen, unter Umst\u00e4nden ebenfalls mit einer 45 Grad Gehrung. Der Aufwand war mir f\u00fcr dieses Projekt aber einfach zu gro\u00df. Die \u00dcberplattung war kaum weniger Arbeit, und in Verbindung zum sp\u00e4ter angebrachten Falz die bessere Wahl.<\/p>\n<p>Auch wenn es nicht entscheidend ist, werden die kurzen Seitenteile den ausgearbeiteten Tr\u00e4ger (analog eines Zapfen) bekommen, frei nach meiner Interpretation die aufrechten Bretter durchgehend zu machen. Ich finde es auch optisch ansprechender die \u00dcberplattung an den langen Kanten zu sehen und nicht an den kurzen Kanten, das w\u00e4re meiner Meinung nach zu unruhig.<\/p>\n<p>&nbsp;<\/p>\n<figure id=\"attachment_709\" aria-describedby=\"caption-attachment-709\" style=\"width: 225px\" class=\"wp-caption alignleft\"><img loading=\"lazy\" decoding=\"async\" class=\"wp-image-709 size-medium\" src=\"http:\/\/werk-forum.com\/wp-content\/uploads\/2022\/12\/grundhobel-225x300.jpg\" alt=\"\" width=\"225\" height=\"300\" srcset=\"http:\/\/werk-forum.com\/wp-content\/uploads\/2022\/12\/grundhobel-225x300.jpg 225w, http:\/\/werk-forum.com\/wp-content\/uploads\/2022\/12\/grundhobel-768x1024.jpg 768w, http:\/\/werk-forum.com\/wp-content\/uploads\/2022\/12\/grundhobel-45x60.jpg 45w, http:\/\/werk-forum.com\/wp-content\/uploads\/2022\/12\/grundhobel.jpg 900w\" sizes=\"auto, (max-width: 225px) 100vw, 225px\" \/><figcaption id=\"caption-attachment-709\" class=\"wp-caption-text\">Der Grundhobel \u00fcbernimmt die Feinarbeit bei den Klebefl\u00e4chen<\/figcaption><\/figure>\n<p>Handwerklich gibt es einige M\u00f6glichkeiten die \u00dcberplattung herzustellen. Man kann es einfach auss\u00e4gen oder ausstemmen oder so wie ich es gemacht habe, eine Kombination aus s\u00e4gen, Stemmeisen und mit einem Grundhobel arbeiten. Zun\u00e4chst ritze ich mit einem Messer den Winkel (bei den langen Seiten sind es 90 Grad an den kurzen 45 Grad) ein und stemme eine kleine Vertiefung. An dieser Vertiefung entlang s\u00e4ge ich soweit ein, wie ich es brauche. Dann nehme ich mit dem Stemmeisen so tief ab bis der Grundhobel f\u00fcr die Feinarbeit zum Einsatz kommt. Dazu spanne ich das Werkst\u00fcck auf einem Brett fest und ein zweites, mit gleicher Dicke, genau daneben. So kann ich mit dem Grundhobel jeweils den restlichen Teil abnehmen, den es f\u00fcr die Verbindung braucht &#8211; um etwa 7 mm.<\/p>\n<p>&nbsp;<\/p>\n<p>Bei einer Abnahme hat sich das Hobelmesser verstellt, vermutlich weil ich die H\u00f6henbegrenzung nicht fest genug angezogen habe und dadurch einmal ganz sch\u00f6n zu tief geworden bin. Solche Fehler passieren und man hat zwei M\u00f6glichkeiten, das Holzst\u00fcck neu machen (Material h\u00e4tte ich noch gehabt) oder ausbessern. Ich habe mich f\u00fcrs Ausbessern entschieden und mehr Lagen Furnierholz geleimt, um das fehlende Holz zu ersetzen. Es ist nun einmal handgemacht und es ist keine Fabrikware, man darf ruhig sehen, dass es eine Pers\u00f6nlichkeit hat.<\/p>\n<p>&nbsp;<\/p>\n<figure id=\"attachment_710\" aria-describedby=\"caption-attachment-710\" style=\"width: 300px\" class=\"wp-caption alignright\"><img loading=\"lazy\" decoding=\"async\" class=\"wp-image-710 size-medium\" src=\"http:\/\/werk-forum.com\/wp-content\/uploads\/2022\/12\/eckentest-300x229.jpg\" alt=\"\" width=\"300\" height=\"229\" srcset=\"http:\/\/werk-forum.com\/wp-content\/uploads\/2022\/12\/eckentest-300x229.jpg 300w, http:\/\/werk-forum.com\/wp-content\/uploads\/2022\/12\/eckentest-1024x781.jpg 1024w, http:\/\/werk-forum.com\/wp-content\/uploads\/2022\/12\/eckentest-768x586.jpg 768w, http:\/\/werk-forum.com\/wp-content\/uploads\/2022\/12\/eckentest-79x60.jpg 79w, http:\/\/werk-forum.com\/wp-content\/uploads\/2022\/12\/eckentest.jpg 1042w\" sizes=\"auto, (max-width: 300px) 100vw, 300px\" \/><figcaption id=\"caption-attachment-710\" class=\"wp-caption-text\">Erste Probe auf Passgenauigkeit<\/figcaption><\/figure>\n<p>Nach diesen Arbeiten, die gef\u00fchlt etwa 30 Minuten gedauert haben, in Wahrheit waren es \u00fcber drei Stunden, lege ich die Leisten zusammen, um noch kleine Ungenauigkeiten zu erkennen. \u00a0\u00dcberraschenderweise passen alle Gehrungen und \u00dcberplattungen ziemlich gut. Die zu leimenden Fl\u00e4chen mit minimalem Einsatz von Hobel, Stemmeisen und Schleifpapier soweit herangetastet, bis ich wirklich keine H\u00f6henunterschiede mehr feststellen kann. \u00a0Da die Ecken zueinander passend ausgearbeitet sind bekommen sie \u00fcberall ein Schreinerdreieck aufgemalt. Um einen Eindruck zu bekommen habe ich die kurzen Seiten vertauscht, um zu sehen welche Auswirkungen das haben w\u00fcrde. Was soll ich sagen, es hat halbwegs gepasst aber es sieht aus als h\u00e4tte das ein Kleinkind gebastelt, alles irgendwie nicht ganz so gerade und auch nicht im Winkel, immer ist irgendwas verrutscht. Getestet habe ich es nur, weil ich mir den Verlauf der Maserung im Vergleich ansehen wollte aber die urspr\u00fcngliche Fassung ist jene die meiner Meinung nach besser ist, handwerklich sowieso und auch optisch. W\u00e4re der Maserverlauf optisch in der vertauschten Form besser gewesen, h\u00e4tte ich nachgearbeitet und mich verflucht das nicht eher gepr\u00fcft zu haben.<\/p>\n<p>&nbsp;<\/p>\n<figure id=\"attachment_713\" aria-describedby=\"caption-attachment-713\" style=\"width: 150px\" class=\"wp-caption alignleft\"><img loading=\"lazy\" decoding=\"async\" class=\"wp-image-713 size-thumbnail\" src=\"http:\/\/werk-forum.com\/wp-content\/uploads\/2022\/12\/doppelfalzhobel-150x150.jpg\" alt=\"\" width=\"150\" height=\"150\" srcset=\"http:\/\/werk-forum.com\/wp-content\/uploads\/2022\/12\/doppelfalzhobel-150x150.jpg 150w, http:\/\/werk-forum.com\/wp-content\/uploads\/2022\/12\/doppelfalzhobel-500x500.jpg 500w, http:\/\/werk-forum.com\/wp-content\/uploads\/2022\/12\/doppelfalzhobel-800x800.jpg 800w\" sizes=\"auto, (max-width: 150px) 100vw, 150px\" \/><figcaption id=\"caption-attachment-713\" class=\"wp-caption-text\">Der Falzhobel macht den Falz ins Holz<\/figcaption><\/figure>\n<figure id=\"attachment_724\" aria-describedby=\"caption-attachment-724\" style=\"width: 300px\" class=\"wp-caption alignright\"><img loading=\"lazy\" decoding=\"async\" class=\"wp-image-724 size-medium\" src=\"http:\/\/werk-forum.com\/wp-content\/uploads\/2022\/12\/simshobel-300x225.jpg\" alt=\"\" width=\"300\" height=\"225\" srcset=\"http:\/\/werk-forum.com\/wp-content\/uploads\/2022\/12\/simshobel-300x225.jpg 300w, http:\/\/werk-forum.com\/wp-content\/uploads\/2022\/12\/simshobel-1024x768.jpg 1024w, http:\/\/werk-forum.com\/wp-content\/uploads\/2022\/12\/simshobel-768x576.jpg 768w, http:\/\/werk-forum.com\/wp-content\/uploads\/2022\/12\/simshobel-80x60.jpg 80w, http:\/\/werk-forum.com\/wp-content\/uploads\/2022\/12\/simshobel.jpg 1200w\" sizes=\"auto, (max-width: 300px) 100vw, 300px\" \/><figcaption id=\"caption-attachment-724\" class=\"wp-caption-text\">Mit dem Simshobel werden die Kanten des Falz etwas nachbearbeitet<\/figcaption><\/figure>\n<p>F\u00fcr den n\u00e4chsten Arbeitsschritt brauche ich den Falzhobel (ein Doppelfalzhobel) und einen Simshobel um den innenliegenden Falz zu machen. Dieser Falz wird gut 7 mm tief und an den Ecken der kurzen Seiten wird der Falz nicht durchg\u00e4ngig, sondern nur so breit wie aus der Breite des Bildes hervorgeht. Ich habe zwar einen Absatz-Simshobel, um bis in die Ecken hobeln zu k\u00f6nnen aber mit dem habe ich noch nicht viel gearbeitet und bis ich den vorbereitet, eingestellt und f\u00fcr den Einsatz getestet habe, bin ich mit ausstemmen zehn mal fertig. \u00a0Selbstverst\u00e4ndlich ist mir doch ein kleiner Fehler passiert, ein Falz ist in einer Ecke l\u00e4ngenm\u00e4\u00dfig etwa 1,5 mm zu optimistisch ausgefallen aber wie gesagt, es ist Handarbeit und an der R\u00fcckseite ist das nicht so dramatisch. Der Rahmen bekommt eben Charakter und ich hoffe, dass nicht viel mehr von dem Charakter dazukommen wird.<\/p>\n<p>&nbsp;<\/p>\n<figure id=\"attachment_716\" aria-describedby=\"caption-attachment-716\" style=\"width: 300px\" class=\"wp-caption alignleft\"><img loading=\"lazy\" decoding=\"async\" class=\"wp-image-716 size-medium\" src=\"http:\/\/werk-forum.com\/wp-content\/uploads\/2022\/12\/verleimt-300x225.jpg\" alt=\"\" width=\"300\" height=\"225\" srcset=\"http:\/\/werk-forum.com\/wp-content\/uploads\/2022\/12\/verleimt-300x225.jpg 300w, http:\/\/werk-forum.com\/wp-content\/uploads\/2022\/12\/verleimt-1024x768.jpg 1024w, http:\/\/werk-forum.com\/wp-content\/uploads\/2022\/12\/verleimt-768x576.jpg 768w, http:\/\/werk-forum.com\/wp-content\/uploads\/2022\/12\/verleimt-80x60.jpg 80w, http:\/\/werk-forum.com\/wp-content\/uploads\/2022\/12\/verleimt.jpg 1200w\" sizes=\"auto, (max-width: 300px) 100vw, 300px\" \/><figcaption id=\"caption-attachment-716\" class=\"wp-caption-text\">Bald fertig, hier wird verleimt<\/figcaption><\/figure>\n<p>Es folgt das verleimen. Normalerweise nehme ich f\u00fcr Rahmen die Korpuszwingen oder einen Rahmenspanner aber beides ist aufgrund der Baumkante, wie bereits erw\u00e4hnt, unm\u00f6glich. Es bleibt mir nichts anderes \u00fcbrig, wenngleich es mit Sicherheit sehr viel bessere Methoden gibt, die ich alle nicht kenne, als mit Einhandzwingen zu verleimen. <a href=\"http:\/\/werk-forum.com\/wp-content\/uploads\/2022\/12\/verleimt.heic\"><img decoding=\"async\" class=\"alignnone size-full wp-image-715\" src=\"http:\/\/werk-forum.com\/wp-content\/uploads\/2022\/12\/verleimt.heic\" alt=\"\" \/><\/a><br \/>\nDie Gefahr, dass dabei etwas nicht im Winkel bleibt oder sich Kanten doch nicht so aneinander schlie\u00dfen wie gew\u00fcnscht ist gro\u00df. Um dem Gelingen ein wenig auf die Spr\u00fcnge zu verhelfen, nehme ich mit dem Stemmeisen mit der Genauigkeit eines Nervenchirurgen ganz vorsichtig, wirklich nur wenige Hundertstel Millimeter Holz an den Innenseiten der Verbindungen ab, damit das Holz eher Richtung Innenkante verrutscht als nach aussen. Ich vermute praktisch hatte das keinen Nutzen, weil ich da maximal die Fasern gestreichelt habe aber psychologisch gab es mir ein gutes Gef\u00fchl, dass es passen wird.<\/p>\n<p>&nbsp;<\/p>\n<figure id=\"attachment_717\" aria-describedby=\"caption-attachment-717\" style=\"width: 300px\" class=\"wp-caption alignleft\"><img loading=\"lazy\" decoding=\"async\" class=\"wp-image-717 size-medium\" src=\"http:\/\/werk-forum.com\/wp-content\/uploads\/2022\/12\/verleimtecke-300x225.jpg\" alt=\"\" width=\"300\" height=\"225\" srcset=\"http:\/\/werk-forum.com\/wp-content\/uploads\/2022\/12\/verleimtecke-300x225.jpg 300w, http:\/\/werk-forum.com\/wp-content\/uploads\/2022\/12\/verleimtecke-1024x768.jpg 1024w, http:\/\/werk-forum.com\/wp-content\/uploads\/2022\/12\/verleimtecke-768x576.jpg 768w, http:\/\/werk-forum.com\/wp-content\/uploads\/2022\/12\/verleimtecke-80x60.jpg 80w, http:\/\/werk-forum.com\/wp-content\/uploads\/2022\/12\/verleimtecke.jpg 1200w\" sizes=\"auto, (max-width: 300px) 100vw, 300px\" \/><figcaption id=\"caption-attachment-717\" class=\"wp-caption-text\">Die Methode &#8222;Hoffentlich Gl\u00fcck beim verleimen&#8220; ist nicht empfehlenswert<\/figcaption><\/figure>\n<p>Mit viel Gl\u00fcck kann ich den Rahmen so verleimen, dass es halbwegs im Winkel bleibt und die R\u00e4nder keine \u00fcbertrieben gro\u00dfe Spalten bekommen. Ohne Zwingen die Druck aus\u00fcben k\u00f6nnten, um die Gehrung besser zu f\u00fcgen, gibt es dem Rahmen hier und da etwas Charakter aber im Gro\u00dfen und Ganzen bin ich zufrieden.<\/p>\n<figure id=\"attachment_721\" aria-describedby=\"caption-attachment-721\" style=\"width: 300px\" class=\"wp-caption alignright\"><img loading=\"lazy\" decoding=\"async\" class=\"wp-image-721 size-medium\" src=\"http:\/\/werk-forum.com\/wp-content\/uploads\/2022\/12\/ueberstandryoba-300x225.jpg\" alt=\"\" width=\"300\" height=\"225\" srcset=\"http:\/\/werk-forum.com\/wp-content\/uploads\/2022\/12\/ueberstandryoba-300x225.jpg 300w, http:\/\/werk-forum.com\/wp-content\/uploads\/2022\/12\/ueberstandryoba-1024x768.jpg 1024w, http:\/\/werk-forum.com\/wp-content\/uploads\/2022\/12\/ueberstandryoba-768x576.jpg 768w, http:\/\/werk-forum.com\/wp-content\/uploads\/2022\/12\/ueberstandryoba-80x60.jpg 80w, http:\/\/werk-forum.com\/wp-content\/uploads\/2022\/12\/ueberstandryoba.jpg 1200w\" sizes=\"auto, (max-width: 300px) 100vw, 300px\" \/><figcaption id=\"caption-attachment-721\" class=\"wp-caption-text\">Die \u00dcberst\u00e4nde werden abges\u00e4gt<\/figcaption><\/figure>\n<p>Alle diese Arbeiten werden bereits auf einer provisorischen Werkbank erledigt, die bis dahin mit einem anderen Sub-Projekt belegt war.<\/p>\n<p>Nach knapp einer Stunde nehme ich etwas von dem \u00fcbersch\u00fcssigen Leim ab und beginne mit einer kleinen Ryoba alle Kanten\u00fcberst\u00e4nde abzus\u00e4gen. Eigentlich wollte ich das mit einer kleinen Kataba erledigen aber ich f\u00fcrchte die muss gesch\u00e4rft werden. Ich habe es selten erlebt, dass eine neue Kataba, die daf\u00fcr pr\u00e4destiniert ist quer zur Faser zu s\u00e4gen, sich so schwer tut.<\/p>\n<p>&nbsp;<\/p>\n<p>Die Fl\u00e4chen werden mit einem Hobel beigehobelt und dabei vermisse ich meinen Dictum-Handhobel, der gut 600 km entfernt bei einem anderen Projekt verwendet wird. Ich brauche da dringend eine gr\u00f6\u00dfere Auswahl. Abschlie\u00dfend wird mit 80er K\u00f6rnung Schleifpapier der gesamte Rahmen geschliffen und die Kanten werden mit dem Schleifpapier gebrochen.<\/p>\n<figure id=\"attachment_723\" aria-describedby=\"caption-attachment-723\" style=\"width: 300px\" class=\"wp-caption alignleft\"><img loading=\"lazy\" decoding=\"async\" class=\"wp-image-723 size-medium\" src=\"http:\/\/werk-forum.com\/wp-content\/uploads\/2022\/12\/furnierreparatur-300x225.jpg\" alt=\"\" width=\"300\" height=\"225\" srcset=\"http:\/\/werk-forum.com\/wp-content\/uploads\/2022\/12\/furnierreparatur-300x225.jpg 300w, http:\/\/werk-forum.com\/wp-content\/uploads\/2022\/12\/furnierreparatur-1024x768.jpg 1024w, http:\/\/werk-forum.com\/wp-content\/uploads\/2022\/12\/furnierreparatur-768x576.jpg 768w, http:\/\/werk-forum.com\/wp-content\/uploads\/2022\/12\/furnierreparatur-80x60.jpg 80w, http:\/\/werk-forum.com\/wp-content\/uploads\/2022\/12\/furnierreparatur.jpg 1200w\" sizes=\"auto, (max-width: 300px) 100vw, 300px\" \/><figcaption id=\"caption-attachment-723\" class=\"wp-caption-text\">Furnier als L\u00fcckenf\u00fcller, denn das Holz w\u00e4re als Brennholz viel zu schade<\/figcaption><\/figure>\n<p>An einer Verbindung erkennt man gut die Reparaturarbeiten mit den Furnierplatten. Das Ergebnis k\u00f6nnte schlechter sein aber nat\u00fcrlich auch besser. Ich tr\u00f6ste mich st\u00e4ndig damit, es ist Handarbeit und ich stecke alle M\u00fche in die Arbeit, wie ich kann.<\/p>\n<p>Um das Bild im Rahmen zu halten habe ich eine Halterung geschnitten und gehobelt, die das Bild oben fest in den Rahmen einklemmt. Dann habe ich das Holz ge\u00f6lt und das Bild in den fertigen Rahmen eingesetzt.<\/p>\n<p>F\u00fcr den Rahmen habe ich etwa 15 Stunden Arbeitszeit gebraucht, inklusive aller Nebenarbeiten wie Hobel und Stemmeisen sch\u00e4rfen und polieren, einstellen der unterschiedlichen Hobeln, Test der Werkzeuge an Probest\u00fccken, Halterungen vorbereiten, Fotos f\u00fcr die Dokumentation machen usw.<\/p>\n<p>Zu guter Letzt nat\u00fcrlich noch das Ergebnis mit einem Bild vom Bild mit fertigem, handgemachten Bilderrahmen. Die Baumkante hat noch Stellen an denen Schnittmarken und Bearbeitungsspuren der Ziehklinge zu sehen sind aber genau das geh\u00f6rt zu diesem Rahmen dazu. Es ist ein St\u00fcck Manufaktur und wie ich finde sch\u00f6ner als jeder Plastikrahmen aus einem Geschenkeshop.<\/p>\n<figure id=\"attachment_725\" aria-describedby=\"caption-attachment-725\" style=\"width: 840px\" class=\"wp-caption aligncenter\"><img loading=\"lazy\" decoding=\"async\" class=\"wp-image-725 size-large\" src=\"http:\/\/werk-forum.com\/wp-content\/uploads\/2022\/12\/bild-1024x768.jpg\" alt=\"\" width=\"840\" height=\"630\" srcset=\"http:\/\/werk-forum.com\/wp-content\/uploads\/2022\/12\/bild-1024x768.jpg 1024w, http:\/\/werk-forum.com\/wp-content\/uploads\/2022\/12\/bild-300x225.jpg 300w, http:\/\/werk-forum.com\/wp-content\/uploads\/2022\/12\/bild-768x576.jpg 768w, http:\/\/werk-forum.com\/wp-content\/uploads\/2022\/12\/bild-80x60.jpg 80w, http:\/\/werk-forum.com\/wp-content\/uploads\/2022\/12\/bild.jpg 1200w\" sizes=\"auto, (max-width: 840px) 100vw, 840px\" \/><figcaption id=\"caption-attachment-725\" class=\"wp-caption-text\">Bild mit fertigem Rahmen, nicht perfekt aber handgemacht<\/figcaption><\/figure>\n<p>&nbsp;<\/p>\n<p>Es ist am Ende &#8222;nur&#8220; ein Bilderrahmen, trotzdem ist es ein Unikat, etwas mit Charakter und wenn man es nicht gerade aus 5 cm genau unter die Lupe nimmt sieht es gar nicht so verkehrt aus. Das Entscheidende ist dabei, dass es wirklich eine Freude war und der Weg war das Ziel. Mit dem Werkzeug nicht aus der \u00dcbung zu kommen und Einiges, gl\u00fccklicherweise das Meiste an Probest\u00fccken, zu verhunzen geh\u00f6rt dazu.<\/p>\n<p>Falls Du auch gerne mit Deinen H\u00e4nden etwas aus Holz schaffen m\u00f6chtest, in unserer Werkstatt hast Du den Platz und das Werkzeug dazu (und bald auch eine Hobelbank mit Zangen). So gut wie meinen Rahmen bekommst Du Dein Projekt auch fertig, da bin ich sicher.<\/p>\n","protected":false},"excerpt":{"rendered":"<p>Da die Werkbank, wie auch die Hobelbank noch nicht fertig sind, werden die Arbeiten auf einer provisorischen Werkfl\u00e4che durchgef\u00fchrt und mit ein wenig Kreativit\u00e4t lassen &hellip; <\/p>\n","protected":false},"author":1,"featured_media":727,"comment_status":"closed","ping_status":"closed","sticky":false,"template":"","format":"standard","meta":{"footnotes":""},"categories":[11],"tags":[],"class_list":["post-700","post","type-post","status-publish","format-standard","has-post-thumbnail","hentry","category-holzbearbeitung"],"_links":{"self":[{"href":"http:\/\/werk-forum.com\/index.php\/wp-json\/wp\/v2\/posts\/700","targetHints":{"allow":["GET"]}}],"collection":[{"href":"http:\/\/werk-forum.com\/index.php\/wp-json\/wp\/v2\/posts"}],"about":[{"href":"http:\/\/werk-forum.com\/index.php\/wp-json\/wp\/v2\/types\/post"}],"author":[{"embeddable":true,"href":"http:\/\/werk-forum.com\/index.php\/wp-json\/wp\/v2\/users\/1"}],"replies":[{"embeddable":true,"href":"http:\/\/werk-forum.com\/index.php\/wp-json\/wp\/v2\/comments?post=700"}],"version-history":[{"count":29,"href":"http:\/\/werk-forum.com\/index.php\/wp-json\/wp\/v2\/posts\/700\/revisions"}],"predecessor-version":[{"id":750,"href":"http:\/\/werk-forum.com\/index.php\/wp-json\/wp\/v2\/posts\/700\/revisions\/750"}],"wp:featuredmedia":[{"embeddable":true,"href":"http:\/\/werk-forum.com\/index.php\/wp-json\/wp\/v2\/media\/727"}],"wp:attachment":[{"href":"http:\/\/werk-forum.com\/index.php\/wp-json\/wp\/v2\/media?parent=700"}],"wp:term":[{"taxonomy":"category","embeddable":true,"href":"http:\/\/werk-forum.com\/index.php\/wp-json\/wp\/v2\/categories?post=700"},{"taxonomy":"post_tag","embeddable":true,"href":"http:\/\/werk-forum.com\/index.php\/wp-json\/wp\/v2\/tags?post=700"}],"curies":[{"name":"wp","href":"https:\/\/api.w.org\/{rel}","templated":true}]}}